{"id":348,"date":"2025-09-24T12:19:57","date_gmt":"2025-09-24T11:19:57","guid":{"rendered":"https:\/\/klingele24.es\/blog\/?p=348"},"modified":"2026-02-24T14:09:32","modified_gmt":"2026-02-24T14:09:32","slug":"embalaje-black-friday-2025","status":"publish","type":"post","link":"https:\/\/klingele24.es\/blog\/es\/embalaje-black-friday-2025\/","title":{"rendered":"Embalaje para Black Friday 2025: c\u00f3mo preparar tu negocio para picos de venta sin exceder costos"},"content":{"rendered":"\n<p>Este evento, que ser\u00e1 el viernes 28 de noviembre, se perfila como una oportunidad clave para las empresas que buscan maximizar sus ventas. Sin embargo, este incremento en la demanda tambi\u00e9n conlleva <strong>desaf\u00edos log\u00edsticos y medioambientales<\/strong>. La elecci\u00f3n del <strong>embalaje adecuado para el Black Friday <\/strong>y jornadas comerciales similares, no solo impacta en la eficiencia operativa, sino tambi\u00e9n en la percepci\u00f3n de tu marca y su compromiso con el medio ambiente.<\/p>\n\n\n\n<h2 class=\"wp-block-heading\">La urgencia de reducir el uso del pl\u00e1stico<\/h2>\n\n\n\n<p><strong>La producci\u00f3n de pl\u00e1sticos sigue siendo una preocupaci\u00f3n ambiental significativa<\/strong>. En 2024, la producci\u00f3n total de pl\u00e1sticos en la Uni\u00f3n Europea alcanz\u00f3 los 54 millones de toneladas, lo que representa una disminuci\u00f3n del 8,3% en comparaci\u00f3n con el a\u00f1o anterior. Sin embargo, esta cifra sigue siendo elevada y refleja la necesidad urgente de reducir el uso de pl\u00e1sticos no reciclables y de un solo uso. <a href=\"https:\/\/www.kitechrecyclingmachine.com\/es\/in-2024-the-global-plastic-production-will-exceed-400-million-tons.html?utm_source=chatgpt.com\" target=\"_blank\" rel=\"noreferrer noopener\"><\/a><\/p>\n\n\n\n<p>En Espa\u00f1a, el reciclaje de envases dom\u00e9sticos tambi\u00e9n muestra avances, pero a\u00fan queda mucho por hacer. En 2024, <strong>Ecoembes <\/strong>gestion\u00f3 el reciclaje de 1.560.404 toneladas de envases dom\u00e9sticos, lo que representa un aumento del 5,4% respecto al a\u00f1o anterior. De estas, casi 590.000 toneladas correspondieron a envases de pl\u00e1stico.<\/p>\n\n\n\n<h2 class=\"wp-block-heading\">C\u00f3mo preparar tu negocio para Black Friday sin aumentar costos<\/h2>\n\n\n\n<p>La clave para afrontar el <strong>Black Friday<\/strong> est\u00e1 la correcta elecci\u00f3n de embalajes, en la <strong>preparaci\u00f3n log\u00edstica y operativa<\/strong>. Implementar estrategias pr\u00e1cticas puede ayudarte a<strong> reducir errores, optimizar recursos<\/strong> y garantizar que los productos lleguen en perfecto estado a tus clientes, todo sin elevar los costos.<\/p>\n\n\n\n<figure class=\"wp-block-image size-large\"><img loading=\"lazy\" decoding=\"async\" width=\"1024\" height=\"563\" src=\"https:\/\/klingele24.es\/blog\/wp-content\/uploads\/2025\/09\/organizacion-Embalajes-logistica-Black-Friday-1024x563.jpg\" alt=\"Preparaci\u00f3n y elecci\u00f3n de embalajes para Black Friday 2025\" class=\"wp-image-349\" srcset=\"https:\/\/klingele24.es\/blog\/wp-content\/uploads\/2025\/09\/organizacion-Embalajes-logistica-Black-Friday-1024x563.jpg 1024w, https:\/\/klingele24.es\/blog\/wp-content\/uploads\/2025\/09\/organizacion-Embalajes-logistica-Black-Friday-300x165.jpg 300w, https:\/\/klingele24.es\/blog\/wp-content\/uploads\/2025\/09\/organizacion-Embalajes-logistica-Black-Friday-768x422.jpg 768w, https:\/\/klingele24.es\/blog\/wp-content\/uploads\/2025\/09\/organizacion-Embalajes-logistica-Black-Friday.jpg 1200w\" sizes=\"auto, (max-width: 1024px) 100vw, 1024px\" \/><\/figure>\n\n\n\n<h3 class=\"wp-block-heading\">1. Planificaci\u00f3n de inventario y recursos<\/h3>\n\n\n\n<p>Analiza las ventas de a\u00f1os anteriores para prever la demanda real de productos y embalajes. Seg\u00fan <strong>Ecoembes (2024)<\/strong>, una planificaci\u00f3n anticipada permite gestionar mejor los materiales y evitar compras de \u00faltima hora m\u00e1s costosas. Esto tambi\u00e9n ayuda a organizar el espacio de almacenamiento de manera eficiente durante la temporada alta.<\/p>\n\n\n\n<h3 class=\"wp-block-heading\">2. Checklist operativo para picos de venta<\/h3>\n\n\n\n<p>Una vez que hayas decidido qu\u00e9 <strong>embalaje <\/strong>utilizar para el <strong>Black Friday<\/strong>, realiza <strong>simulaciones de env\u00edo<\/strong> para asegurarte de que los productos llegan intactos y en buen estado. Revisa los procesos internos de embalaje y etiquetado para detectar posibles errores que puedan generar devoluciones o sobrecostes log\u00edsticos. Esta pr\u00e1ctica permite ajustar materiales, m\u00e9todos de protecci\u00f3n y flujo de trabajo, evitando problemas durante los d\u00edas de mayor demanda y asegurando que el equipo est\u00e9 preparado para actuar con eficiencia.<\/p>\n\n\n\n<h3 class=\"wp-block-heading\">3. Capacitaci\u00f3n del equipo<\/h3>\n\n\n\n<p>Aseg\u00farate de que todos los miembros del equipo comprendan los procedimientos de embalaje y sepan c\u00f3mo optimizar los recursos disponibles. La formaci\u00f3n previa evita errores que pueden generar costos adicionales o retrasos.<\/p>\n\n\n\n<h3 class=\"wp-block-heading\">4. Coordinaci\u00f3n con proveedores<\/h3>\n\n\n\n<p>Mant\u00e9n una comunicaci\u00f3n estrecha con los servicios de env\u00edo o mensajer\u00eda para garantizar entregas puntuales. Esto evita interrupciones en la cadena de suministro y asegura que tu negocio est\u00e9 listo para cualquier pico de demanda.<\/p>\n\n\n\n<h3 class=\"wp-block-heading\">5. Sostenibilidad como valor a\u00f1adido<\/h3>\n\n\n\n<p>Usar <strong>cart\u00f3n reciclado y embalajes reutilizables<\/strong> no solo reduce el impacto ambiental, sino que tambi\u00e9n refuerza la imagen de marca. Como se menciona en nuestro post sobre <a href=\"https:\/\/klingele24.es\/blog\/es\/black-friday-sostenible\/\">Black Friday sostenible<\/a>, los consumidores valoran cada vez m\u00e1s las empresas que demuestran un compromiso real con la sostenibilidad, lo que puede influir directamente en sus decisiones de compra.<\/p>\n","protected":false},"excerpt":{"rendered":"<p>Este evento, que ser\u00e1 el viernes 28 de noviembre, se perfila como una oportunidad clave para las empresas que buscan maximizar sus ventas. Sin embargo, este incremento en la demanda tambi\u00e9n conlleva desaf\u00edos log\u00edsticos y medioambientales. La elecci\u00f3n del embalaje adecuado para el Black Friday y jornadas comerciales similares, no solo impacta en la eficiencia [&hellip;]<\/p>\n","protected":false},"author":2,"featured_media":350,"comment_status":"closed","ping_status":"closed","sticky":false,"template":"","format":"standard","meta":{"footnotes":""},"categories":[56],"tags":[50,12,52],"class_list":["post-348","post","type-post","status-publish","format-standard","has-post-thumbnail","hentry","category-tips-y-consejos","tag-cajas-black-friday","tag-cajas-de-carton","tag-embalaje-black-friday"],"yoast_head":"<!-- This site is optimized with the Yoast SEO plugin v27.0 - https:\/\/yoast.com\/product\/yoast-seo-wordpress\/ -->\n<title>Embalaje para Black Friday 2025: como preparar a tu negocio<\/title>\n<meta name=\"description\" content=\"Descubre c\u00f3mo preparar tu negocio para Black Friday 2025 sin aumentar costes y con embalajes que protegen tus productos y el medio ambiente.\" \/>\n<meta name=\"robots\" content=\"index, follow, max-snippet:-1, max-image-preview:large, max-video-preview:-1\" \/>\n<link rel=\"canonical\" href=\"https:\/\/klingele24.es\/blog\/es\/embalaje-black-friday-2025\/\" \/>\n<meta property=\"og:locale\" content=\"es_ES\" \/>\n<meta property=\"og:type\" content=\"article\" \/>\n<meta property=\"og:title\" content=\"Embalaje para Black Friday 2025: como preparar a tu negocio\" \/>\n<meta property=\"og:description\" content=\"Descubre c\u00f3mo preparar tu negocio para Black Friday 2025 sin aumentar costes y con embalajes que protegen tus productos y el medio ambiente.\" \/>\n<meta property=\"og:url\" content=\"https:\/\/klingele24.es\/blog\/es\/embalaje-black-friday-2025\/\" \/>\n<meta property=\"og:site_name\" content=\"Blog Klingele\" \/>\n<meta property=\"article:publisher\" content=\"https:\/\/www.facebook.com\/Klingele-Embalajes-Canarias-SA-337145983112644\" \/>\n<meta property=\"article:published_time\" content=\"2025-09-24T11:19:57+00:00\" \/>\n<meta property=\"article:modified_time\" content=\"2026-02-24T14:09:32+00:00\" \/>\n<meta property=\"og:image\" content=\"https:\/\/klingele24.es\/blog\/wp-content\/uploads\/2025\/09\/Embalajes-logistica-Black-Friday-2025.jpg\" \/>\n\t<meta property=\"og:image:width\" content=\"1200\" \/>\n\t<meta property=\"og:image:height\" content=\"660\" \/>\n\t<meta property=\"og:image:type\" content=\"image\/jpeg\" \/>\n<meta name=\"author\" content=\"Acaymo Freshcommerce\" \/>\n<meta name=\"twitter:card\" content=\"summary_large_image\" \/>\n<meta name=\"twitter:label1\" content=\"Escrito por\" \/>\n\t<meta name=\"twitter:data1\" content=\"Acaymo Freshcommerce\" \/>\n\t<meta name=\"twitter:label2\" content=\"Tiempo de lectura\" \/>\n\t<meta name=\"twitter:data2\" content=\"3 minutos\" \/>\n<script type=\"application\/ld+json\" class=\"yoast-schema-graph\">{\"@context\":\"https:\/\/schema.org\",\"@graph\":[{\"@type\":\"Article\",\"@id\":\"https:\/\/klingele24.es\/blog\/es\/embalaje-black-friday-2025\/#article\",\"isPartOf\":{\"@id\":\"https:\/\/klingele24.es\/blog\/es\/embalaje-black-friday-2025\/\"},\"author\":{\"name\":\"Acaymo Freshcommerce\",\"@id\":\"https:\/\/klingele24.es\/blog\/#\/schema\/person\/00ea9d655a7445b7731718154bc249e0\"},\"headline\":\"Embalaje para Black Friday 2025: c\u00f3mo preparar tu negocio para picos de venta sin exceder costos\",\"datePublished\":\"2025-09-24T11:19:57+00:00\",\"dateModified\":\"2026-02-24T14:09:32+00:00\",\"mainEntityOfPage\":{\"@id\":\"https:\/\/klingele24.es\/blog\/es\/embalaje-black-friday-2025\/\"},\"wordCount\":582,\"publisher\":{\"@id\":\"https:\/\/klingele24.es\/blog\/#organization\"},\"image\":{\"@id\":\"https:\/\/klingele24.es\/blog\/es\/embalaje-black-friday-2025\/#primaryimage\"},\"thumbnailUrl\":\"https:\/\/klingele24.es\/blog\/wp-content\/uploads\/2025\/09\/Embalajes-logistica-Black-Friday-2025.jpg\",\"keywords\":[\"cajas black friday\",\"cajas de cart\u00f3n\",\"embalaje black friday\"],\"articleSection\":[\"Tips y consejos\"],\"inLanguage\":\"es\"},{\"@type\":\"WebPage\",\"@id\":\"https:\/\/klingele24.es\/blog\/es\/embalaje-black-friday-2025\/\",\"url\":\"https:\/\/klingele24.es\/blog\/es\/embalaje-black-friday-2025\/\",\"name\":\"Embalaje para Black Friday 2025: como preparar a tu negocio\",\"isPartOf\":{\"@id\":\"https:\/\/klingele24.es\/blog\/#website\"},\"primaryImageOfPage\":{\"@id\":\"https:\/\/klingele24.es\/blog\/es\/embalaje-black-friday-2025\/#primaryimage\"},\"image\":{\"@id\":\"https:\/\/klingele24.es\/blog\/es\/embalaje-black-friday-2025\/#primaryimage\"},\"thumbnailUrl\":\"https:\/\/klingele24.es\/blog\/wp-content\/uploads\/2025\/09\/Embalajes-logistica-Black-Friday-2025.jpg\",\"datePublished\":\"2025-09-24T11:19:57+00:00\",\"dateModified\":\"2026-02-24T14:09:32+00:00\",\"description\":\"Descubre c\u00f3mo preparar tu negocio para Black Friday 2025 sin aumentar costes y con embalajes que protegen tus productos y el medio ambiente.\",\"breadcrumb\":{\"@id\":\"https:\/\/klingele24.es\/blog\/es\/embalaje-black-friday-2025\/#breadcrumb\"},\"inLanguage\":\"es\",\"potentialAction\":[{\"@type\":\"ReadAction\",\"target\":[\"https:\/\/klingele24.es\/blog\/es\/embalaje-black-friday-2025\/\"]}]},{\"@type\":\"ImageObject\",\"inLanguage\":\"es\",\"@id\":\"https:\/\/klingele24.es\/blog\/es\/embalaje-black-friday-2025\/#primaryimage\",\"url\":\"https:\/\/klingele24.es\/blog\/wp-content\/uploads\/2025\/09\/Embalajes-logistica-Black-Friday-2025.jpg\",\"contentUrl\":\"https:\/\/klingele24.es\/blog\/wp-content\/uploads\/2025\/09\/Embalajes-logistica-Black-Friday-2025.jpg\",\"width\":1200,\"height\":660,\"caption\":\"Embalaje Black Friday 2025: c\u00f3mo preparar tu negocio para picos de venta sin exceder costos\"},{\"@type\":\"BreadcrumbList\",\"@id\":\"https:\/\/klingele24.es\/blog\/es\/embalaje-black-friday-2025\/#breadcrumb\",\"itemListElement\":[{\"@type\":\"ListItem\",\"position\":1,\"name\":\"Portada\",\"item\":\"https:\/\/klingele24.es\/blog\/\"},{\"@type\":\"ListItem\",\"position\":2,\"name\":\"Embalaje para Black Friday 2025: c\u00f3mo preparar tu negocio para picos de venta sin exceder costos\"}]},{\"@type\":\"WebSite\",\"@id\":\"https:\/\/klingele24.es\/blog\/#website\",\"url\":\"https:\/\/klingele24.es\/blog\/\",\"name\":\"Blog Klingele\",\"description\":\"\",\"publisher\":{\"@id\":\"https:\/\/klingele24.es\/blog\/#organization\"},\"potentialAction\":[{\"@type\":\"SearchAction\",\"target\":{\"@type\":\"EntryPoint\",\"urlTemplate\":\"https:\/\/klingele24.es\/blog\/?s={search_term_string}\"},\"query-input\":{\"@type\":\"PropertyValueSpecification\",\"valueRequired\":true,\"valueName\":\"search_term_string\"}}],\"inLanguage\":\"es\"},{\"@type\":\"Organization\",\"@id\":\"https:\/\/klingele24.es\/blog\/#organization\",\"name\":\"Blog Klingele\",\"url\":\"https:\/\/klingele24.es\/blog\/\",\"logo\":{\"@type\":\"ImageObject\",\"inLanguage\":\"es\",\"@id\":\"https:\/\/klingele24.es\/blog\/#\/schema\/logo\/image\/\",\"url\":\"https:\/\/klingele24.es\/blog\/wp-content\/uploads\/2022\/09\/cajas-de-carton-canarias.jpg\",\"contentUrl\":\"https:\/\/klingele24.es\/blog\/wp-content\/uploads\/2022\/09\/cajas-de-carton-canarias.jpg\",\"width\":1200,\"height\":660,\"caption\":\"Blog Klingele\"},\"image\":{\"@id\":\"https:\/\/klingele24.es\/blog\/#\/schema\/logo\/image\/\"},\"sameAs\":[\"https:\/\/www.facebook.com\/Klingele-Embalajes-Canarias-SA-337145983112644\",\"https:\/\/www.instagram.com\/klingele_kec\/\",\"https:\/\/www.linkedin.com\/company\/klingele-embalajes-canarias\"]},{\"@type\":\"Person\",\"@id\":\"https:\/\/klingele24.es\/blog\/#\/schema\/person\/00ea9d655a7445b7731718154bc249e0\",\"name\":\"Acaymo Freshcommerce\",\"image\":{\"@type\":\"ImageObject\",\"inLanguage\":\"es\",\"@id\":\"https:\/\/klingele24.es\/blog\/#\/schema\/person\/image\/\",\"url\":\"https:\/\/secure.gravatar.com\/avatar\/5a922e3633df7b263bb0bb924358024e482145d0da7647be7b6ebba2bca9e949?s=96&d=mm&r=g\",\"contentUrl\":\"https:\/\/secure.gravatar.com\/avatar\/5a922e3633df7b263bb0bb924358024e482145d0da7647be7b6ebba2bca9e949?s=96&d=mm&r=g\",\"caption\":\"Acaymo Freshcommerce\"}}]}<\/script>\n<!-- \/ Yoast SEO plugin. -->","yoast_head_json":{"title":"Embalaje para Black Friday 2025: como preparar a tu negocio","description":"Descubre c\u00f3mo preparar tu negocio para Black Friday 2025 sin aumentar costes y con embalajes que protegen tus productos y el medio ambiente.","robots":{"index":"index","follow":"follow","max-snippet":"max-snippet:-1","max-image-preview":"max-image-preview:large","max-video-preview":"max-video-preview:-1"},"canonical":"https:\/\/klingele24.es\/blog\/es\/embalaje-black-friday-2025\/","og_locale":"es_ES","og_type":"article","og_title":"Embalaje para Black Friday 2025: como preparar a tu negocio","og_description":"Descubre c\u00f3mo preparar tu negocio para Black Friday 2025 sin aumentar costes y con embalajes que protegen tus productos y el medio ambiente.","og_url":"https:\/\/klingele24.es\/blog\/es\/embalaje-black-friday-2025\/","og_site_name":"Blog Klingele","article_publisher":"https:\/\/www.facebook.com\/Klingele-Embalajes-Canarias-SA-337145983112644","article_published_time":"2025-09-24T11:19:57+00:00","article_modified_time":"2026-02-24T14:09:32+00:00","og_image":[{"width":1200,"height":660,"url":"https:\/\/klingele24.es\/blog\/wp-content\/uploads\/2025\/09\/Embalajes-logistica-Black-Friday-2025.jpg","type":"image\/jpeg"}],"author":"Acaymo Freshcommerce","twitter_card":"summary_large_image","twitter_misc":{"Escrito por":"Acaymo Freshcommerce","Tiempo de lectura":"3 minutos"},"schema":{"@context":"https:\/\/schema.org","@graph":[{"@type":"Article","@id":"https:\/\/klingele24.es\/blog\/es\/embalaje-black-friday-2025\/#article","isPartOf":{"@id":"https:\/\/klingele24.es\/blog\/es\/embalaje-black-friday-2025\/"},"author":{"name":"Acaymo Freshcommerce","@id":"https:\/\/klingele24.es\/blog\/#\/schema\/person\/00ea9d655a7445b7731718154bc249e0"},"headline":"Embalaje para Black Friday 2025: c\u00f3mo preparar tu negocio para picos de venta sin exceder costos","datePublished":"2025-09-24T11:19:57+00:00","dateModified":"2026-02-24T14:09:32+00:00","mainEntityOfPage":{"@id":"https:\/\/klingele24.es\/blog\/es\/embalaje-black-friday-2025\/"},"wordCount":582,"publisher":{"@id":"https:\/\/klingele24.es\/blog\/#organization"},"image":{"@id":"https:\/\/klingele24.es\/blog\/es\/embalaje-black-friday-2025\/#primaryimage"},"thumbnailUrl":"https:\/\/klingele24.es\/blog\/wp-content\/uploads\/2025\/09\/Embalajes-logistica-Black-Friday-2025.jpg","keywords":["cajas black friday","cajas de cart\u00f3n","embalaje black friday"],"articleSection":["Tips y consejos"],"inLanguage":"es"},{"@type":"WebPage","@id":"https:\/\/klingele24.es\/blog\/es\/embalaje-black-friday-2025\/","url":"https:\/\/klingele24.es\/blog\/es\/embalaje-black-friday-2025\/","name":"Embalaje para Black Friday 2025: como preparar a tu negocio","isPartOf":{"@id":"https:\/\/klingele24.es\/blog\/#website"},"primaryImageOfPage":{"@id":"https:\/\/klingele24.es\/blog\/es\/embalaje-black-friday-2025\/#primaryimage"},"image":{"@id":"https:\/\/klingele24.es\/blog\/es\/embalaje-black-friday-2025\/#primaryimage"},"thumbnailUrl":"https:\/\/klingele24.es\/blog\/wp-content\/uploads\/2025\/09\/Embalajes-logistica-Black-Friday-2025.jpg","datePublished":"2025-09-24T11:19:57+00:00","dateModified":"2026-02-24T14:09:32+00:00","description":"Descubre c\u00f3mo preparar tu negocio para Black Friday 2025 sin aumentar costes y con embalajes que protegen tus productos y el medio ambiente.","breadcrumb":{"@id":"https:\/\/klingele24.es\/blog\/es\/embalaje-black-friday-2025\/#breadcrumb"},"inLanguage":"es","potentialAction":[{"@type":"ReadAction","target":["https:\/\/klingele24.es\/blog\/es\/embalaje-black-friday-2025\/"]}]},{"@type":"ImageObject","inLanguage":"es","@id":"https:\/\/klingele24.es\/blog\/es\/embalaje-black-friday-2025\/#primaryimage","url":"https:\/\/klingele24.es\/blog\/wp-content\/uploads\/2025\/09\/Embalajes-logistica-Black-Friday-2025.jpg","contentUrl":"https:\/\/klingele24.es\/blog\/wp-content\/uploads\/2025\/09\/Embalajes-logistica-Black-Friday-2025.jpg","width":1200,"height":660,"caption":"Embalaje Black Friday 2025: c\u00f3mo preparar tu negocio para picos de venta sin exceder costos"},{"@type":"BreadcrumbList","@id":"https:\/\/klingele24.es\/blog\/es\/embalaje-black-friday-2025\/#breadcrumb","itemListElement":[{"@type":"ListItem","position":1,"name":"Portada","item":"https:\/\/klingele24.es\/blog\/"},{"@type":"ListItem","position":2,"name":"Embalaje para Black Friday 2025: c\u00f3mo preparar tu negocio para picos de venta sin exceder costos"}]},{"@type":"WebSite","@id":"https:\/\/klingele24.es\/blog\/#website","url":"https:\/\/klingele24.es\/blog\/","name":"Blog Klingele","description":"","publisher":{"@id":"https:\/\/klingele24.es\/blog\/#organization"},"potentialAction":[{"@type":"SearchAction","target":{"@type":"EntryPoint","urlTemplate":"https:\/\/klingele24.es\/blog\/?s={search_term_string}"},"query-input":{"@type":"PropertyValueSpecification","valueRequired":true,"valueName":"search_term_string"}}],"inLanguage":"es"},{"@type":"Organization","@id":"https:\/\/klingele24.es\/blog\/#organization","name":"Blog Klingele","url":"https:\/\/klingele24.es\/blog\/","logo":{"@type":"ImageObject","inLanguage":"es","@id":"https:\/\/klingele24.es\/blog\/#\/schema\/logo\/image\/","url":"https:\/\/klingele24.es\/blog\/wp-content\/uploads\/2022\/09\/cajas-de-carton-canarias.jpg","contentUrl":"https:\/\/klingele24.es\/blog\/wp-content\/uploads\/2022\/09\/cajas-de-carton-canarias.jpg","width":1200,"height":660,"caption":"Blog Klingele"},"image":{"@id":"https:\/\/klingele24.es\/blog\/#\/schema\/logo\/image\/"},"sameAs":["https:\/\/www.facebook.com\/Klingele-Embalajes-Canarias-SA-337145983112644","https:\/\/www.instagram.com\/klingele_kec\/","https:\/\/www.linkedin.com\/company\/klingele-embalajes-canarias"]},{"@type":"Person","@id":"https:\/\/klingele24.es\/blog\/#\/schema\/person\/00ea9d655a7445b7731718154bc249e0","name":"Acaymo Freshcommerce","image":{"@type":"ImageObject","inLanguage":"es","@id":"https:\/\/klingele24.es\/blog\/#\/schema\/person\/image\/","url":"https:\/\/secure.gravatar.com\/avatar\/5a922e3633df7b263bb0bb924358024e482145d0da7647be7b6ebba2bca9e949?s=96&d=mm&r=g","contentUrl":"https:\/\/secure.gravatar.com\/avatar\/5a922e3633df7b263bb0bb924358024e482145d0da7647be7b6ebba2bca9e949?s=96&d=mm&r=g","caption":"Acaymo Freshcommerce"}}]}},"_links":{"self":[{"href":"https:\/\/klingele24.es\/blog\/wp-json\/wp\/v2\/posts\/348","targetHints":{"allow":["GET"]}}],"collection":[{"href":"https:\/\/klingele24.es\/blog\/wp-json\/wp\/v2\/posts"}],"about":[{"href":"https:\/\/klingele24.es\/blog\/wp-json\/wp\/v2\/types\/post"}],"author":[{"embeddable":true,"href":"https:\/\/klingele24.es\/blog\/wp-json\/wp\/v2\/users\/2"}],"replies":[{"embeddable":true,"href":"https:\/\/klingele24.es\/blog\/wp-json\/wp\/v2\/comments?post=348"}],"version-history":[{"count":2,"href":"https:\/\/klingele24.es\/blog\/wp-json\/wp\/v2\/posts\/348\/revisions"}],"predecessor-version":[{"id":352,"href":"https:\/\/klingele24.es\/blog\/wp-json\/wp\/v2\/posts\/348\/revisions\/352"}],"wp:featuredmedia":[{"embeddable":true,"href":"https:\/\/klingele24.es\/blog\/wp-json\/wp\/v2\/media\/350"}],"wp:attachment":[{"href":"https:\/\/klingele24.es\/blog\/wp-json\/wp\/v2\/media?parent=348"}],"wp:term":[{"taxonomy":"category","embeddable":true,"href":"https:\/\/klingele24.es\/blog\/wp-json\/wp\/v2\/categories?post=348"},{"taxonomy":"post_tag","embeddable":true,"href":"https:\/\/klingele24.es\/blog\/wp-json\/wp\/v2\/tags?post=348"}],"curies":[{"name":"wp","href":"https:\/\/api.w.org\/{rel}","templated":true}]}}